{"id":287506,"date":"2025-06-20T12:02:03","date_gmt":"2025-06-20T10:02:03","guid":{"rendered":"https:\/\/pistal.eu\/allergie-aux-acariens-quels-sont-les-symptomes\/"},"modified":"2026-02-19T15:24:54","modified_gmt":"2026-02-19T14:24:54","slug":"allergie-aux-acariens-quels-sont-les-symptomes","status":"publish","type":"post","link":"https:\/\/pistal.eu\/fr\/allergie-aux-acariens-quels-sont-les-symptomes\/","title":{"rendered":"Allergie aux acariens, quels sont les sympt\u00f4mes ?"},"content":{"rendered":"<p>[et_pb_section fb_built=\u00a0\u00bb1&Prime; custom_padding_last_edited=\u00a0\u00bbon|phone\u00a0\u00bb _builder_version=\u00a0\u00bb4.27.0&Prime; _module_preset=\u00a0\u00bbdefault\u00a0\u00bb custom_padding=\u00a0\u00bb115px||18px||false|false\u00a0\u00bb custom_padding_tablet=\u00a0\u00bb115px||||false|false\u00a0\u00bb custom_padding_phone=\u00a0\u00bb115px||||false|false\u00a0\u00bb global_colors_info=\u00a0\u00bb{}\u00a0\u00bb][et_pb_row _builder_version=\u00a0\u00bb4.27.0&Prime; _module_preset=\u00a0\u00bbdefault\u00a0\u00bb custom_padding=\u00a0\u00bb||24px|||\u00a0\u00bb global_colors_info=\u00a0\u00bb{}\u00a0\u00bb][et_pb_column type=\u00a0\u00bb4_4&Prime; _builder_version=\u00a0\u00bb4.27.0&Prime; _module_preset=\u00a0\u00bbdefault\u00a0\u00bb global_colors_info=\u00a0\u00bb{}\u00a0\u00bb][et_pb_post_title meta=\u00a0\u00bboff\u00a0\u00bb force_fullwidth=\u00a0\u00bboff\u00a0\u00bb _builder_version=\u00a0\u00bb4.27.4&Prime; _module_preset=\u00a0\u00bbdefault\u00a0\u00bb title_font=\u00a0\u00bb||||||||\u00a0\u00bb title_text_align=\u00a0\u00bbleft\u00a0\u00bb title_text_align_tablet=\u00a0\u00bbleft\u00a0\u00bb title_text_align_phone=\u00a0\u00bbleft\u00a0\u00bb title_text_align_last_edited=\u00a0\u00bbon|desktop\u00a0\u00bb title_font_size_tablet=\u00a0\u00bb\u00a0\u00bb title_font_size_phone=\u00a0\u00bb\u00a0\u00bb title_font_size_last_edited=\u00a0\u00bbon|phone\u00a0\u00bb title_line_height_tablet=\u00a0\u00bb1.4em\u00a0\u00bb title_line_height_phone=\u00a0\u00bb1.4em\u00a0\u00bb title_line_height_last_edited=\u00a0\u00bbon|desktop\u00a0\u00bb global_colors_info=\u00a0\u00bb{}\u00a0\u00bb][\/et_pb_post_title][\/et_pb_column][\/et_pb_row][et_pb_row _builder_version=\u00a0\u00bb4.27.0&Prime; _module_preset=\u00a0\u00bbdefault\u00a0\u00bb custom_padding=\u00a0\u00bb11px||6px|||\u00a0\u00bb global_colors_info=\u00a0\u00bb{}\u00a0\u00bb][et_pb_column type=\u00a0\u00bb4_4&Prime; _builder_version=\u00a0\u00bb4.27.0&Prime; _module_preset=\u00a0\u00bbdefault\u00a0\u00bb global_colors_info=\u00a0\u00bb{}\u00a0\u00bb][et_pb_text _builder_version=\u00a0\u00bb4.27.4&Prime; _module_preset=\u00a0\u00bbdefault\u00a0\u00bb header_2_font=\u00a0\u00bb|600|||||||\u00a0\u00bb custom_margin=\u00a0\u00bb||18px|||\u00a0\u00bb global_colors_info=\u00a0\u00bb{}\u00a0\u00bb]<\/p>\n<p>Si l&rsquo;isolation, le chauffage et la climatisation ont am\u00e9lior\u00e9 notre confort, ils ont aussi cr\u00e9\u00e9 des environnements favorables aux acariens. L\u2019allergie \u00e0 ces petits arachnides est aujourd\u2019hui parmi les plus courantes : en France, on estime qu\u2019entre 20 et 25% de la population est affect\u00e9e.<\/p>\n<p>Quel est le m\u00e9canisme de l\u2019allergie aux acariens ? Quels sont les principaux sympt\u00f4mes ? Que faire pour limiter les r\u00e9actions allergiques ? Pistal vous r\u00e9pond dans cet article !<\/p>\n<p>[\/et_pb_text][\/et_pb_column][\/et_pb_row][et_pb_row _builder_version=\u00a0\u00bb4.27.0&Prime; _module_preset=\u00a0\u00bbdefault\u00a0\u00bb custom_margin=\u00a0\u00bb|auto|-7px|auto||\u00a0\u00bb custom_padding=\u00a0\u00bb10px||8px|||\u00a0\u00bb global_colors_info=\u00a0\u00bb{}\u00a0\u00bb][et_pb_column type=\u00a0\u00bb4_4&Prime; _builder_version=\u00a0\u00bb4.27.0&Prime; _module_preset=\u00a0\u00bbdefault\u00a0\u00bb global_colors_info=\u00a0\u00bb{}\u00a0\u00bb][et_pb_text _builder_version=\u00a0\u00bb4.27.4&Prime; _module_preset=\u00a0\u00bbdefault\u00a0\u00bb ul_line_height=\u00a0\u00bb1.6em\u00a0\u00bb header_font_size=\u00a0\u00bb35px\u00a0\u00bb header_2_font=\u00a0\u00bb||||||||\u00a0\u00bb header_3_font=\u00a0\u00bb||||||||\u00a0\u00bb custom_margin=\u00a0\u00bb||46px|||\u00a0\u00bb header_font_size_tablet=\u00a0\u00bb35px\u00a0\u00bb header_font_size_phone=\u00a0\u00bb35px\u00a0\u00bb header_font_size_last_edited=\u00a0\u00bbon|phone\u00a0\u00bb header_2_font_size_tablet=\u00a0\u00bb\u00a0\u00bb header_2_font_size_phone=\u00a0\u00bb24px\u00a0\u00bb header_2_font_size_last_edited=\u00a0\u00bbon|phone\u00a0\u00bb header_3_font_size_tablet=\u00a0\u00bb\u00a0\u00bb header_3_font_size_phone=\u00a0\u00bb22px\u00a0\u00bb header_3_font_size_last_edited=\u00a0\u00bbon|phone\u00a0\u00bb global_colors_info=\u00a0\u00bb{}\u00a0\u00bb]<\/p>\n<h2>Qu&rsquo;est-ce que l\u2019allergie aux acariens ?<\/h2>\n<h3>Que sont les acariens ?<\/h3>\n<p>Les acariens font partie de la classe des arachnides, tout comme les araign\u00e9es. Ils ne mesurent que 0,3 mm, ce qui les rend invisibles \u00e0 l&rsquo;\u0153il nu. On en compte plus de 50 000 esp\u00e8ces, parmi lesquelles on distingue principalement :<\/p>\n<ul>\n<li>Les acariens \u00ab\u00a0de la gale\u00a0\u00bb, \u00e9galement appel\u00e9s \u00ab\u00a0<strong><a href=\"https:\/\/pistal.eu\/fr\/le-sarcopte-ou-acarien-de-la-gale\/\"><u>sarcoptes<\/u><\/a><\/strong> \u00bb et responsables de la maladie de la gale, une infection cutan\u00e9e.<\/li>\n<li>Les acariens \u00ab\u00a0des poussi\u00e8res\u00a0\u00bb, susceptibles de provoquer des allergies chez certaines personnes. Dans cet article, nous allons particuli\u00e8rement nous int\u00e9resser \u00e0 ceux-ci.<\/li>\n<\/ul>\n<p>Les acariens des poussi\u00e8res vivent environ 3 mois et se nourrissent principalement de peaux mortes et d\u2019autres d\u00e9bris organiques. Leur pr\u00e9sence est tr\u00e8s forte dans nos environnements quotidiens : 1 gramme de poussi\u00e8re peut contenir jusqu\u2019\u00e0 10 000 acariens !<\/p>\n<p>Ces acariens pr\u00e9f\u00e8rent les environnements chauds et humides, pr\u00e9sentant une temp\u00e9rature de 25-30\u02daC et une humidit\u00e9 de 60 \u00e0 80%. Leur prolif\u00e9ration est alors particuli\u00e8rement forte en automne et en hiver, lorsque les syst\u00e8mes de chauffage sont en marche et que le taux d\u2019humidit\u00e9 augmente \u00e0 l\u2019int\u00e9rieur.<br \/>Les matelas, la literie, la poussi\u00e8re, les tapis et les meubles rembourr\u00e9s sont les lieux de prolif\u00e9ration privil\u00e9gi\u00e9s des acariens.<\/p>\n<h3>Le m\u00e9canisme de l&rsquo;allergie aux acariens<\/h3>\n<p>Les acariens produisent de nombreux antig\u00e8nes, mais seuls quelques-uns sont capables de provoquer des r\u00e9actions allergiques. Ces derniers constituent les allerg\u00e8nes, qui proviennent des enzymes pr\u00e9sentes dans le syst\u00e8me digestif et la salive des acariens. Plus pr\u00e9cis\u00e9ment, ce sont les d\u00e9jections et les restes corporels des acariens qui sont allergisants !<\/p>\n<p>Lorsqu\u2019une personne pr\u00e9dispos\u00e9e est expos\u00e9e \u00e0 des particules contenant des allerg\u00e8nes, par inhalation, ingestion ou contact, son syst\u00e8me immunitaire d\u00e9clenche des r\u00e9actions allergiques. Ces manifestations peuvent \u00eatre respiratoires, cutan\u00e9es ou oculaires. Mais qui sont les individus concern\u00e9s ?<\/p>\n<p>Il faut savoir qu\u2019aucun cas d\u2019allergie aux acariens n\u2019a jamais \u00e9t\u00e9 diagnostiqu\u00e9 d\u00e8s la naissance. Elle se d\u00e9clenche g\u00e9n\u00e9ralement pendant l\u2019enfance, mais peut aussi apparaitre \u00e0 l\u2019\u00e2ge adulte. Certains contextes favorisent son d\u00e9veloppement :<\/p>\n<ul>\n<li><strong>La pr\u00e9disposition g\u00e9n\u00e9tique<\/strong> : si un des deux parents, voire les deux, sont allergiques, les enfants risquent de d\u00e9velopper cette allergie.<\/li>\n<li><strong>L\u2019exposition forte et continue aux acariens <\/strong>: les conditions de vie (propret\u00e9 de l&rsquo;habitat, type de literie, pr\u00e9sence d&rsquo;humidit\u00e9\u2026) influencent la quantit\u00e9 d&rsquo;acariens dans l&rsquo;environnement. Or plus l\u2019exposition aux acariens est forte et continue, plus le syst\u00e8me immunitaire est susceptible de d\u00e9clencher l\u2019allergie.<\/li>\n<\/ul>\n<h2>Que faire contre les sympt\u00f4mes de l\u2019allergie aux acariens ?<\/h2>\n<h3>Les sympt\u00f4mes respiratoires, oculaires et cutan\u00e9s<\/h3>\n<p>Les sympt\u00f4mes de cette allergie sont principalement <strong>respiratoires<\/strong>. Ils se manifestent par une toux persistante, une respiration sifflante et une sensation d&rsquo;oppression thoracique. Les rhinites allergiques sont \u00e9galement fr\u00e9quentes, avec un nez qui coule et se bouche, des \u00e9ternuements en s\u00e9rie et des d\u00e9mangeaisons nasales. L\u2019allergie peut aussi entrainer des crises d&rsquo;asthme chez les personnes pr\u00e9dispos\u00e9es.<\/p>\n<p>L\u2019allergie aux acariens provoque parfois des sympt\u00f4mes <strong>oculaires<\/strong>, comme des conjonctivites avec des yeux rouges et larmoyants, ainsi que des d\u00e9mangeaisons et des sensations de br\u00fblure ou de picotement.<\/p>\n<p>Les sympt\u00f4mes <strong>cutan\u00e9s<\/strong> sont \u00e9galement courants. En cas de r\u00e9action, on peut observer de l&rsquo;ecz\u00e9ma, des rougeurs, des d\u00e9mangeaisons intenses et\/ou l&rsquo;apparition de petites bosses ou cloques sur la peau.<\/p>\n<p>[\/et_pb_text][et_pb_image src=\u00a0\u00bbhttps:\/\/pistal.eu\/wp-content\/uploads\/2025\/06\/pistal_2_symptomes_allergie_aux_acariens_FRFR.jpeg\u00a0\u00bb _builder_version=\u00a0\u00bb4.27.4&Prime; _module_preset=\u00a0\u00bbdefault\u00a0\u00bb width=\u00a0\u00bb100%\u00a0\u00bb width_tablet=\u00a0\u00bb80%\u00a0\u00bb width_phone=\u00a0\u00bb100%\u00a0\u00bb width_last_edited=\u00a0\u00bbon|phone\u00a0\u00bb module_alignment=\u00a0\u00bbcenter\u00a0\u00bb global_colors_info=\u00a0\u00bb{}\u00a0\u00bb][\/et_pb_image][et_pb_text _builder_version=\u00a0\u00bb4.27.4&Prime; _module_preset=\u00a0\u00bbdefault\u00a0\u00bb ul_line_height=\u00a0\u00bb1.6em\u00a0\u00bb header_font_size=\u00a0\u00bb35px\u00a0\u00bb header_2_font=\u00a0\u00bb||||||||\u00a0\u00bb header_3_font=\u00a0\u00bb||||||||\u00a0\u00bb header_4_font=\u00a0\u00bb|600|||||||\u00a0\u00bb header_4_font_size=\u00a0\u00bb25px\u00a0\u00bb custom_margin=\u00a0\u00bb||14px|||\u00a0\u00bb header_2_font_size_tablet=\u00a0\u00bb\u00a0\u00bb header_2_font_size_phone=\u00a0\u00bb22px\u00a0\u00bb header_2_font_size_last_edited=\u00a0\u00bbon|phone\u00a0\u00bb header_3_font_size_tablet=\u00a0\u00bb\u00a0\u00bb header_3_font_size_phone=\u00a0\u00bb22px\u00a0\u00bb header_3_font_size_last_edited=\u00a0\u00bbon|phone\u00a0\u00bb header_4_font_size_tablet=\u00a0\u00bb25px\u00a0\u00bb header_4_font_size_phone=\u00a0\u00bb20px\u00a0\u00bb header_4_font_size_last_edited=\u00a0\u00bbon|phone\u00a0\u00bb global_colors_info=\u00a0\u00bb{}\u00a0\u00bb]<\/p>\n<h3>Les traitements contre l\u2019allergie aux acariens<\/h3>\n<p>Attention, si vous avez des raisons de penser que vous \u00eates allergique aux acariens, l\u2019avis d\u2019un professionnel de sant\u00e9 est n\u00e9cessaire.<br \/>Il peut vous \u00eatre conseiller de prendre des m\u00e9dicaments pour soulager vos sympt\u00f4mes, tels que\u00a0:<\/p>\n<ul>\n<li>Des <strong>antihistaminiques <\/strong>: avec ou sans ordonnance, ils aident \u00e0 soulager les d\u00e9mangeaisons et \u00e0 att\u00e9nuer les \u00e9ternuements et le larmoiement.<\/li>\n<li>Des <strong>corticost\u00e9ro\u00efdes<\/strong> <strong>nasaux <\/strong>: \u00e9galement avec ou sans ordonnance, ils peuvent r\u00e9duire l&rsquo;inflammation dans les voies respiratoires.<\/li>\n<li>Les <strong>bronchodilatateurs\u00a0<\/strong>: uniquement sur ordonnance, ils sont prescrits pour soulager les sympt\u00f4mes respiratoires chez les personnes asthmatiques.<\/li>\n<\/ul>\n<p><strong>L&rsquo;immunoth\u00e9rapie allerg\u00e9nique<\/strong>, plus connue sous le nom de d\u00e9sensibilisation, peut aussi \u00eatre recommand\u00e9e. Cette pratique consiste \u00e0 s\u2019exposer aux allerg\u00e8nes de mani\u00e8re progressive et contr\u00f4l\u00e9e pour aider le syst\u00e8me immunitaire \u00e0 s&rsquo;habituer et \u00e0 r\u00e9duire sa sensibilit\u00e9.<br \/>Avant d\u2019entamer un protocole de d\u00e9sensibilisation, demandez conseil \u00e0 un sp\u00e9cialiste.<\/p>\n<p>[\/et_pb_text][et_pb_text _builder_version=\u00a0\u00bb4.27.4&Prime; _module_preset=\u00a0\u00bbdefault\u00a0\u00bb ul_line_height=\u00a0\u00bb1.6em\u00a0\u00bb header_font_size=\u00a0\u00bb35px\u00a0\u00bb header_2_font=\u00a0\u00bb||||||||\u00a0\u00bb header_3_font=\u00a0\u00bb||||||||\u00a0\u00bb header_4_font=\u00a0\u00bb|600|||||||\u00a0\u00bb header_4_font_size=\u00a0\u00bb25px\u00a0\u00bb custom_margin=\u00a0\u00bb||14px|||\u00a0\u00bb header_2_font_size_tablet=\u00a0\u00bb\u00a0\u00bb header_2_font_size_phone=\u00a0\u00bb\u00a0\u00bb header_2_font_size_last_edited=\u00a0\u00bbon|phone\u00a0\u00bb header_3_font_size_tablet=\u00a0\u00bb\u00a0\u00bb header_3_font_size_phone=\u00a0\u00bb22px\u00a0\u00bb header_3_font_size_last_edited=\u00a0\u00bbon|phone\u00a0\u00bb header_4_font_size_tablet=\u00a0\u00bb25px\u00a0\u00bb header_4_font_size_phone=\u00a0\u00bb20px\u00a0\u00bb header_4_font_size_last_edited=\u00a0\u00bbon|phone\u00a0\u00bb global_colors_info=\u00a0\u00bb{}\u00a0\u00bb]<\/p>\n<h2>Comment limiter les r\u00e9actions allergiques ?<\/h2>\n<h3>Les premiers gestes contre l\u2019allergie aux acariens<\/h3>\n<p>Pour limiter les risques de r\u00e9actions allergiques au sein de votre foyer, nous vous recommandons d\u2019adopter les gestes suivants\u00a0:<\/p>\n<ul>\n<li><strong>A\u00e9rer r\u00e9guli\u00e8rement\u00a0la chambre<\/strong> pour faire baisser la temp\u00e9rature et ass\u00e9cher l\u2019air. L\u2019espace sera alors moins propice \u00e0 la prolif\u00e9ration d\u2019acariens<em>.\u00a0<\/em><\/li>\n<li><strong>N<\/strong><strong>ettoyer r\u00e9guli\u00e8rement les surfaces o\u00f9 la poussi\u00e8re s&rsquo;accumule<\/strong>, comme dans les tapis, les meubles rembourr\u00e9s et les rideaux. Cela contribuera \u00e0 limiter la pr\u00e9sence d\u2019acariens. Il est recommand\u00e9 d\u2019utiliser un aspirateur \u00e9quip\u00e9 d\u2019un filtre HEPA, qui capture les allerg\u00e8nes efficacement.<\/li>\n<li><strong>Laver fr\u00e9quemment le linge de lit<\/strong> \u00e0 une temp\u00e9rature \u00e9lev\u00e9e pour \u00e9liminer les acariens et leurs allerg\u00e8nes. Vous pouvez \u00e9galement prot\u00e9ger votre literie avec des housses antiacariennes pour les matelas, les oreillers et les couettes.<\/li>\n<li><strong>Utiliser un <\/strong><strong>d\u00e9shumidificateur<\/strong> afin de maintenir un taux d\u2019humidit\u00e9 inf\u00e9rieur \u00e0 60% et ainsi freiner la prolif\u00e9ration des acariens.<\/li>\n<li><strong>\u00c9viter les tapis ou les meubles recouverts de tissus et limiter les surfaces collectant la poussi\u00e8re<\/strong> pour r\u00e9duire les espaces o\u00f9 peuvent se cacher les acariens et faciliter le nettoyage.<\/li>\n<li><strong>Utiliser un <a href=\"https:\/\/pistal.eu\/fr\/insecticide-quel-produit-choisir\/\"><u>insecticide<\/u> <\/a><\/strong>afin d\u2019\u00e9liminer rapidement et efficacement les acariens.<\/li>\n<\/ul>\n<h3>L\u2019utilisation des produits Pistal<\/h3>\n<p>[\/et_pb_text][\/et_pb_column][\/et_pb_row][\/et_pb_section][et_pb_section fb_built=\u00a0\u00bb1&Prime; _builder_version=\u00a0\u00bb4.27.0&Prime; _module_preset=\u00a0\u00bbdefault\u00a0\u00bb background_color=\u00a0\u00bbgcid-heading-color\u00a0\u00bb custom_padding=\u00a0\u00bb12px||5px|||\u00a0\u00bb global_colors_info=\u00a0\u00bb{%22gcid-heading-color%22:%91%22background_color%22%93}\u00a0\u00bb][et_pb_row _builder_version=\u00a0\u00bb4.27.0&Prime; _module_preset=\u00a0\u00bbdefault\u00a0\u00bb custom_padding=\u00a0\u00bb21px|||||\u00a0\u00bb global_colors_info=\u00a0\u00bb{}\u00a0\u00bb][et_pb_column type=\u00a0\u00bb4_4&Prime; _builder_version=\u00a0\u00bb4.27.0&Prime; _module_preset=\u00a0\u00bbdefault\u00a0\u00bb global_colors_info=\u00a0\u00bb{}\u00a0\u00bb][et_pb_image src=\u00a0\u00bbhttps:\/\/pistal.eu\/wp-content\/uploads\/2025\/06\/pistal_3_solution.jpg\u00a0\u00bb align=\u00a0\u00bbcenter\u00a0\u00bb _builder_version=\u00a0\u00bb4.27.4&Prime; _module_preset=\u00a0\u00bbdefault\u00a0\u00bb hover_enabled=\u00a0\u00bb0&Prime; global_colors_info=\u00a0\u00bb{}\u00a0\u00bb sticky_enabled=\u00a0\u00bb0&Prime;][\/et_pb_image][et_pb_text _builder_version=\u00a0\u00bb4.27.4&Prime; _module_preset=\u00a0\u00bbdefault\u00a0\u00bb text_text_color=\u00a0\u00bb#FFFFFF\u00a0\u00bb link_font=\u00a0\u00bb||||on||||\u00a0\u00bb link_text_color=\u00a0\u00bb#FFFFFF\u00a0\u00bb ul_line_height=\u00a0\u00bb1.6em\u00a0\u00bb header_font_size=\u00a0\u00bb35px\u00a0\u00bb header_2_font=\u00a0\u00bb|600|||||||\u00a0\u00bb header_2_text_color=\u00a0\u00bb#FFFFFF\u00a0\u00bb header_2_font_size=\u00a0\u00bb35px\u00a0\u00bb header_3_font=\u00a0\u00bb|600|||||||\u00a0\u00bb header_3_text_color=\u00a0\u00bb#FFFFFF\u00a0\u00bb header_4_font=\u00a0\u00bb|600|||||||\u00a0\u00bb header_4_text_color=\u00a0\u00bb#FFFFFF\u00a0\u00bb header_4_font_size=\u00a0\u00bb25px\u00a0\u00bb custom_margin=\u00a0\u00bb||14px|||\u00a0\u00bb header_2_font_size_tablet=\u00a0\u00bb35px\u00a0\u00bb header_2_font_size_phone=\u00a0\u00bb25px\u00a0\u00bb header_2_font_size_last_edited=\u00a0\u00bbon|phone\u00a0\u00bb header_3_font_size_tablet=\u00a0\u00bb\u00a0\u00bb header_3_font_size_phone=\u00a0\u00bb22px\u00a0\u00bb header_3_font_size_last_edited=\u00a0\u00bbon|phone\u00a0\u00bb header_4_font_size_tablet=\u00a0\u00bb25px\u00a0\u00bb header_4_font_size_phone=\u00a0\u00bb20px\u00a0\u00bb header_4_font_size_last_edited=\u00a0\u00bbon|phone\u00a0\u00bb global_colors_info=\u00a0\u00bb{}\u00a0\u00bb]<\/p>\n<p>Pistal propose des biocides<span style=\"font-size: x-small;\"><sup>*<\/sup> <\/span>\u00e0 base d\u2019extrait naturel de pyr\u00e8thre<span style=\"font-size: x-small;\"><sup>**<\/sup><\/span>. Cet ingr\u00e9dient v\u00e9g\u00e9tal est reconnu pour ses propri\u00e9t\u00e9s insecticides naturelles et efficaces contre la majorit\u00e9 des nuisibles, notamment les acariens !<\/p>\n<p>Les sprays <a href=\"https:\/\/pistal.eu\/fr\/sprays-pistal-insect-environnement\/\"><strong>Pistal Insect Environnement<\/strong><\/a> limitent ainsi les risques de r\u00e9actions allergiques en luttant efficacement contre les acariens. Sous forme de sprays, leur utilisation est tr\u00e8s facile\u00a0:<\/p>\n<ol>\n<li>Vaporisez le produit \u00e0 30 cm des surfaces o\u00f9 les acariens sont susceptibles de se trouver.<\/li>\n<li>Quittez la ou les pi\u00e8ces trait\u00e9es, fa\u00eetes sortir les animaux domestiques puis a\u00e9rez pendant au moins 30 min.<\/li>\n<\/ol>\n<p>[\/et_pb_text][et_pb_button button_url=\u00a0\u00bbhttps:\/\/pistal.eu\/fr\/sprays-pistal-insect-environnement\/\u00a0\u00bb button_text=\u00a0\u00bbD\u00e9couvrir le spray Pistal Insect Environnement\u00a0\u00bb button_alignment=\u00a0\u00bbcenter\u00a0\u00bb _builder_version=\u00a0\u00bb4.27.4&Prime; _module_preset=\u00a0\u00bbdefault\u00a0\u00bb custom_button=\u00a0\u00bbon\u00a0\u00bb button_text_color=\u00a0\u00bbgcid-heading-color\u00a0\u00bb button_bg_color=\u00a0\u00bb#FFFFFF\u00a0\u00bb button_border_radius=\u00a0\u00bb9px\u00a0\u00bb button_use_icon=\u00a0\u00bboff\u00a0\u00bb custom_margin=\u00a0\u00bb||27px||false|false\u00a0\u00bb global_colors_info=\u00a0\u00bb{%22gcid-heading-color%22:%91%22button_text_color%22,%22button_text_color__hover%22%93}\u00a0\u00bb button_bg_color__hover_enabled=\u00a0\u00bbon|hover\u00a0\u00bb button_bg_color__hover=\u00a0\u00bb#FFFFFF\u00a0\u00bb button_bg_enable_color__hover=\u00a0\u00bbon\u00a0\u00bb button_text_color__hover_enabled=\u00a0\u00bbon|desktop\u00a0\u00bb button_text_color__hover=\u00a0\u00bb#42893b\u00a0\u00bb button_border_color__hover_enabled=\u00a0\u00bbon|hover\u00a0\u00bb button_border_color__hover=\u00a0\u00bb#FFFFFF\u00a0\u00bb][\/et_pb_button][et_pb_text _builder_version=\u00a0\u00bb4.27.4&Prime; _module_preset=\u00a0\u00bbdefault\u00a0\u00bb text_text_color=\u00a0\u00bb#FFFFFF\u00a0\u00bb link_font=\u00a0\u00bb||||on||||\u00a0\u00bb link_text_color=\u00a0\u00bb#FFFFFF\u00a0\u00bb ul_line_height=\u00a0\u00bb1.6em\u00a0\u00bb header_font_size=\u00a0\u00bb35px\u00a0\u00bb header_2_font=\u00a0\u00bb|600|||||||\u00a0\u00bb header_2_text_color=\u00a0\u00bb#FFFFFF\u00a0\u00bb header_2_font_size=\u00a0\u00bb35px\u00a0\u00bb header_3_font=\u00a0\u00bb|600|||||||\u00a0\u00bb header_3_text_color=\u00a0\u00bb#FFFFFF\u00a0\u00bb header_4_font=\u00a0\u00bb|600|||||||\u00a0\u00bb header_4_text_color=\u00a0\u00bb#FFFFFF\u00a0\u00bb header_4_font_size=\u00a0\u00bb25px\u00a0\u00bb custom_margin=\u00a0\u00bb||14px|||\u00a0\u00bb header_2_font_size_tablet=\u00a0\u00bb35px\u00a0\u00bb header_2_font_size_phone=\u00a0\u00bb25px\u00a0\u00bb header_2_font_size_last_edited=\u00a0\u00bbon|phone\u00a0\u00bb header_3_font_size_tablet=\u00a0\u00bb\u00a0\u00bb header_3_font_size_phone=\u00a0\u00bb22px\u00a0\u00bb header_3_font_size_last_edited=\u00a0\u00bbon|phone\u00a0\u00bb header_4_font_size_tablet=\u00a0\u00bb25px\u00a0\u00bb header_4_font_size_phone=\u00a0\u00bb20px\u00a0\u00bb header_4_font_size_last_edited=\u00a0\u00bbon|phone\u00a0\u00bb global_colors_info=\u00a0\u00bb{}\u00a0\u00bb]<\/p>\n<p><span style=\"font-size: small;\"><em><span style=\"font-size: medium;\">*Utilisez les produits biocides avec pr\u00e9caution. Avant toute utilisation, lisez l\u2019\u00e9tiquette et les informations concernant le produit.<\/span><\/em><\/span><br \/><span style=\"font-size: medium;\"><em>** Extrait 100% v\u00e9g\u00e9tal de pyr\u00e8thre de fleurs de chrysanth\u00e8m<\/em>e<\/span><\/p>\n<p>[\/et_pb_text][\/et_pb_column][\/et_pb_row][\/et_pb_section][et_pb_section fb_built=\u00a0\u00bb1&Prime; _builder_version=\u00a0\u00bb4.27.0&Prime; _module_preset=\u00a0\u00bbdefault\u00a0\u00bb custom_padding=\u00a0\u00bb22px|||||\u00a0\u00bb global_colors_info=\u00a0\u00bb{}\u00a0\u00bb][et_pb_row _builder_version=\u00a0\u00bb4.27.0&Prime; _module_preset=\u00a0\u00bbdefault\u00a0\u00bb global_colors_info=\u00a0\u00bb{}\u00a0\u00bb][et_pb_column type=\u00a0\u00bb4_4&Prime; _builder_version=\u00a0\u00bb4.27.0&Prime; _module_preset=\u00a0\u00bbdefault\u00a0\u00bb global_colors_info=\u00a0\u00bb{}\u00a0\u00bb][et_pb_text _builder_version=\u00a0\u00bb4.27.4&Prime; _module_preset=\u00a0\u00bbdefault\u00a0\u00bb ul_line_height=\u00a0\u00bb1.6em\u00a0\u00bb header_font_size=\u00a0\u00bb35px\u00a0\u00bb header_2_font=\u00a0\u00bb||||||||\u00a0\u00bb header_3_font=\u00a0\u00bb|600|||||||\u00a0\u00bb header_3_font_size=\u00a0\u00bb30px\u00a0\u00bb header_4_font=\u00a0\u00bb|600|||||||\u00a0\u00bb header_4_font_size=\u00a0\u00bb25px\u00a0\u00bb custom_margin=\u00a0\u00bb||4px|||\u00a0\u00bb header_2_font_size_tablet=\u00a0\u00bb\u00a0\u00bb header_2_font_size_phone=\u00a0\u00bb\u00a0\u00bb header_2_font_size_last_edited=\u00a0\u00bbon|phone\u00a0\u00bb header_3_font_size_tablet=\u00a0\u00bb30px\u00a0\u00bb header_3_font_size_phone=\u00a0\u00bb22px\u00a0\u00bb header_3_font_size_last_edited=\u00a0\u00bbon|phone\u00a0\u00bb header_4_font_size_tablet=\u00a0\u00bb25px\u00a0\u00bb header_4_font_size_phone=\u00a0\u00bb20px\u00a0\u00bb header_4_font_size_last_edited=\u00a0\u00bbon|phone\u00a0\u00bb global_colors_info=\u00a0\u00bb{}\u00a0\u00bb]<\/p>\n<p><strong>Conclusion<br \/><\/strong><br \/>L\u2019allergie aux acariens est contraignante, mais il est possible de la g\u00e9rer efficacement. En adoptant de bonnes pratiques de nettoyage et en utilisant les produits Pistal, vous diminuez le risque de r\u00e9actions allergiques et am\u00e9liorez votre confort quotidien\u00a0!<\/p>\n<p>[\/et_pb_text][et_pb_text _builder_version=\u00a0\u00bb4.27.4&Prime; _module_preset=\u00a0\u00bbdefault\u00a0\u00bb text_line_height=\u00a0\u00bb1.1em\u00a0\u00bb ul_line_height=\u00a0\u00bb1.6em\u00a0\u00bb header_font_size=\u00a0\u00bb35px\u00a0\u00bb header_3_font=\u00a0\u00bb|600|||||||\u00a0\u00bb header_3_font_size=\u00a0\u00bb25px\u00a0\u00bb header_4_font=\u00a0\u00bb|600|||||||\u00a0\u00bb header_4_font_size=\u00a0\u00bb20px\u00a0\u00bb custom_margin=\u00a0\u00bb35px||28px||false|false\u00a0\u00bb global_colors_info=\u00a0\u00bb{}\u00a0\u00bb]<\/p>\n<p><strong>Sources<\/strong><\/p>\n<ul>\n<li><em><a href=\"https:\/\/www.exaller.com\/fr\/blog\/lallergie-aux-acariens-gagne-discr%C3%A8tement-du-terrain-chaque-ann%C3%A9e \" target=\"_blank\" rel=\"noopener\">\u00ab Discr\u00e8te mais r\u00e9pandue, l&rsquo;allergie aux acariens augmente chaque ann\u00e9e ! \u00bb <\/a> <\/em><\/li>\n<li><a href=\"https:\/\/www.sciencedirect.com\/science\/article\/abs\/pii\/S1877032014004382\" target=\"_blank\" rel=\"noopener\"><em>\u00ab Allergie aux acariens domestiques : du diagnostic \u00e0 la prise en charge \u00bb<\/em><\/a><\/li>\n<li><a href=\"https:\/\/www.ephacare.be\/fr\/blog\/post\/quelles-sont-les-periodes-de-lannee-ou-les-acariens-proliferent-le-plus-b74.html\" target=\"_blank\" rel=\"noopener\"><em>\u00ab Quelles sont les p\u00e9riodes de l\u2019ann\u00e9e o\u00f9 les acariens prolif\u00e8rent le plus\u2009? \u00bb<\/em><\/a><\/li>\n<li><a href=\"https:\/\/fr.hycorbiomedical.com\/post\/acariens-et-arthropodes\" target=\"_blank\" rel=\"noopener\"><em>\u00ab Acariens et arthropodes \u00bb<\/em><\/a><\/li>\n<li><em><a href=\"https:\/\/www.chu-angers.fr\/offre-de-soins\/les-acariens-quelles-recommandations-pour-reduire-son-exposition-au-domicile--92166.kjsp\" target=\"_blank\" rel=\"noopener\">\u00ab Les acariens : quelles recommandations pour r\u00e9duire son exposition au domicile ? \u00bb<\/a> <\/em><\/li>\n<li><em><a href=\"https:\/\/www.3ssante.com\/allergie-aux-acariens\/\" target=\"_blank\" rel=\"noopener\">\u00ab Les conseils du pharmacien : G\u00e9rer son allergie aux acariens durant l\u2019hiver \u00bb<\/a><\/em><\/li>\n<\/ul>\n<p>&nbsp;<\/p>\n<p>[\/et_pb_text][\/et_pb_column][\/et_pb_row][\/et_pb_section]<\/p>\n","protected":false},"excerpt":{"rendered":"<p>Si l&rsquo;isolation, le chauffage et la climatisation ont am\u00e9lior\u00e9 notre confort, ils ont aussi cr\u00e9\u00e9 des environnements favorables aux acariens.<\/p>\n","protected":false},"author":1,"featured_media":287513,"comment_status":"closed","ping_status":"closed","sticky":false,"template":"","format":"standard","meta":{"_et_pb_use_builder":"on","_et_pb_old_content":"","_et_gb_content_width":"","footnotes":""},"categories":[45],"tags":[],"class_list":["post-287506","post","type-post","status-publish","format-standard","has-post-thumbnail","hentry","category-blog-fr"],"yoast_head":"<!-- This site is optimized with the Yoast SEO plugin v27.4 - https:\/\/yoast.com\/product\/yoast-seo-wordpress\/ -->\n<title>Allergie aux acariens, quels sont les sympt\u00f4mes ? I Pistal<\/title>\n<meta name=\"description\" content=\"Les sympt\u00f4mes de cette allergie sont respiratoires, oculaires et cutan\u00e9s. Pour limiter les r\u00e9actions allergiques ? Traitements, bonnes pratiques de nettoyage et produits Pistal.\" \/>\n<meta name=\"robots\" content=\"index, follow, max-snippet:-1, max-image-preview:large, max-video-preview:-1\" \/>\n<link rel=\"canonical\" href=\"https:\/\/pistal.eu\/fr\/allergie-aux-acariens-quels-sont-les-symptomes\/\" \/>\n<meta property=\"og:locale\" content=\"fr_FR\" \/>\n<meta property=\"og:type\" content=\"article\" \/>\n<meta property=\"og:title\" content=\"Allergie aux acariens, quels sont les sympt\u00f4mes ? I Pistal\" \/>\n<meta property=\"og:description\" content=\"Les sympt\u00f4mes de cette allergie sont respiratoires, oculaires et cutan\u00e9s. Pour limiter les r\u00e9actions allergiques ? Traitements, bonnes pratiques de nettoyage et produits Pistal.\" \/>\n<meta property=\"og:url\" content=\"https:\/\/pistal.eu\/fr\/allergie-aux-acariens-quels-sont-les-symptomes\/\" \/>\n<meta property=\"og:site_name\" content=\"Pistal\" \/>\n<meta property=\"article:published_time\" content=\"2025-06-20T10:02:03+00:00\" \/>\n<meta property=\"article:modified_time\" content=\"2026-02-19T14:24:54+00:00\" \/>\n<meta property=\"og:image\" content=\"https:\/\/pistal.eu\/wp-content\/uploads\/2025\/06\/pistal_1_allergie_aux_acariens_FRFR.jpg\" \/>\n\t<meta property=\"og:image:width\" content=\"2000\" \/>\n\t<meta property=\"og:image:height\" content=\"1333\" \/>\n\t<meta property=\"og:image:type\" content=\"image\/jpeg\" \/>\n<meta name=\"author\" content=\"AES030924\" \/>\n<meta name=\"twitter:card\" content=\"summary_large_image\" \/>\n<meta name=\"twitter:label1\" content=\"\u00c9crit par\" \/>\n\t<meta name=\"twitter:data1\" content=\"AES030924\" \/>\n\t<meta name=\"twitter:label2\" content=\"Dur\u00e9e de lecture estim\u00e9e\" \/>\n\t<meta name=\"twitter:data2\" content=\"7 minutes\" \/>\n<script type=\"application\/ld+json\" class=\"yoast-schema-graph\">{\"@context\":\"https:\\\/\\\/schema.org\",\"@graph\":[{\"@type\":\"Article\",\"@id\":\"https:\\\/\\\/pistal.eu\\\/fr\\\/allergie-aux-acariens-quels-sont-les-symptomes\\\/#article\",\"isPartOf\":{\"@id\":\"https:\\\/\\\/pistal.eu\\\/fr\\\/allergie-aux-acariens-quels-sont-les-symptomes\\\/\"},\"author\":{\"name\":\"AES030924\",\"@id\":\"https:\\\/\\\/pistal.eu\\\/#\\\/schema\\\/person\\\/4b4d2df803851fff9d521231fdd1d222\"},\"headline\":\"Allergie aux acariens, quels sont les sympt\u00f4mes ?\",\"datePublished\":\"2025-06-20T10:02:03+00:00\",\"dateModified\":\"2026-02-19T14:24:54+00:00\",\"mainEntityOfPage\":{\"@id\":\"https:\\\/\\\/pistal.eu\\\/fr\\\/allergie-aux-acariens-quels-sont-les-symptomes\\\/\"},\"wordCount\":2437,\"publisher\":{\"@id\":\"https:\\\/\\\/pistal.eu\\\/#organization\"},\"image\":{\"@id\":\"https:\\\/\\\/pistal.eu\\\/fr\\\/allergie-aux-acariens-quels-sont-les-symptomes\\\/#primaryimage\"},\"thumbnailUrl\":\"https:\\\/\\\/pistal.eu\\\/wp-content\\\/uploads\\\/2025\\\/06\\\/pistal_1_allergie_aux_acariens_FRFR.jpg\",\"articleSection\":[\"Blog\"],\"inLanguage\":\"fr-FR\"},{\"@type\":\"WebPage\",\"@id\":\"https:\\\/\\\/pistal.eu\\\/fr\\\/allergie-aux-acariens-quels-sont-les-symptomes\\\/\",\"url\":\"https:\\\/\\\/pistal.eu\\\/fr\\\/allergie-aux-acariens-quels-sont-les-symptomes\\\/\",\"name\":\"Allergie aux acariens, quels sont les sympt\u00f4mes ? I Pistal\",\"isPartOf\":{\"@id\":\"https:\\\/\\\/pistal.eu\\\/#website\"},\"primaryImageOfPage\":{\"@id\":\"https:\\\/\\\/pistal.eu\\\/fr\\\/allergie-aux-acariens-quels-sont-les-symptomes\\\/#primaryimage\"},\"image\":{\"@id\":\"https:\\\/\\\/pistal.eu\\\/fr\\\/allergie-aux-acariens-quels-sont-les-symptomes\\\/#primaryimage\"},\"thumbnailUrl\":\"https:\\\/\\\/pistal.eu\\\/wp-content\\\/uploads\\\/2025\\\/06\\\/pistal_1_allergie_aux_acariens_FRFR.jpg\",\"datePublished\":\"2025-06-20T10:02:03+00:00\",\"dateModified\":\"2026-02-19T14:24:54+00:00\",\"description\":\"Les sympt\u00f4mes de cette allergie sont respiratoires, oculaires et cutan\u00e9s. Pour limiter les r\u00e9actions allergiques ? Traitements, bonnes pratiques de nettoyage et produits Pistal.\",\"breadcrumb\":{\"@id\":\"https:\\\/\\\/pistal.eu\\\/fr\\\/allergie-aux-acariens-quels-sont-les-symptomes\\\/#breadcrumb\"},\"inLanguage\":\"fr-FR\",\"potentialAction\":[{\"@type\":\"ReadAction\",\"target\":[\"https:\\\/\\\/pistal.eu\\\/fr\\\/allergie-aux-acariens-quels-sont-les-symptomes\\\/\"]}]},{\"@type\":\"ImageObject\",\"inLanguage\":\"fr-FR\",\"@id\":\"https:\\\/\\\/pistal.eu\\\/fr\\\/allergie-aux-acariens-quels-sont-les-symptomes\\\/#primaryimage\",\"url\":\"https:\\\/\\\/pistal.eu\\\/wp-content\\\/uploads\\\/2025\\\/06\\\/pistal_1_allergie_aux_acariens_FRFR.jpg\",\"contentUrl\":\"https:\\\/\\\/pistal.eu\\\/wp-content\\\/uploads\\\/2025\\\/06\\\/pistal_1_allergie_aux_acariens_FRFR.jpg\",\"width\":2000,\"height\":1333},{\"@type\":\"BreadcrumbList\",\"@id\":\"https:\\\/\\\/pistal.eu\\\/fr\\\/allergie-aux-acariens-quels-sont-les-symptomes\\\/#breadcrumb\",\"itemListElement\":[{\"@type\":\"ListItem\",\"position\":1,\"name\":\"Accueil\",\"item\":\"https:\\\/\\\/pistal.eu\\\/fr\\\/\"},{\"@type\":\"ListItem\",\"position\":2,\"name\":\"Allergie aux acariens, quels sont les sympt\u00f4mes ?\"}]},{\"@type\":\"WebSite\",\"@id\":\"https:\\\/\\\/pistal.eu\\\/#website\",\"url\":\"https:\\\/\\\/pistal.eu\\\/\",\"name\":\"Pistal\",\"description\":\"De oplossing tegen insecten en luchtvervuiling binnenshuis op basis van natuurlijke ingredi\u00ebnten\",\"publisher\":{\"@id\":\"https:\\\/\\\/pistal.eu\\\/#organization\"},\"potentialAction\":[{\"@type\":\"SearchAction\",\"target\":{\"@type\":\"EntryPoint\",\"urlTemplate\":\"https:\\\/\\\/pistal.eu\\\/?s={search_term_string}\"},\"query-input\":{\"@type\":\"PropertyValueSpecification\",\"valueRequired\":true,\"valueName\":\"search_term_string\"}}],\"inLanguage\":\"fr-FR\"},{\"@type\":\"Organization\",\"@id\":\"https:\\\/\\\/pistal.eu\\\/#organization\",\"name\":\"Pistal\",\"url\":\"https:\\\/\\\/pistal.eu\\\/\",\"logo\":{\"@type\":\"ImageObject\",\"inLanguage\":\"fr-FR\",\"@id\":\"https:\\\/\\\/pistal.eu\\\/#\\\/schema\\\/logo\\\/image\\\/\",\"url\":\"https:\\\/\\\/pistal.eu\\\/wp-content\\\/uploads\\\/2024\\\/09\\\/xlogo.png.pagespeed.ic_.1BiTicxL-j.png\",\"contentUrl\":\"https:\\\/\\\/pistal.eu\\\/wp-content\\\/uploads\\\/2024\\\/09\\\/xlogo.png.pagespeed.ic_.1BiTicxL-j.png\",\"width\":126,\"height\":126,\"caption\":\"Pistal\"},\"image\":{\"@id\":\"https:\\\/\\\/pistal.eu\\\/#\\\/schema\\\/logo\\\/image\\\/\"}},{\"@type\":\"Person\",\"@id\":\"https:\\\/\\\/pistal.eu\\\/#\\\/schema\\\/person\\\/4b4d2df803851fff9d521231fdd1d222\",\"name\":\"AES030924\",\"sameAs\":[\"https:\\\/\\\/pistal.eu\"]}]}<\/script>\n<!-- \/ Yoast SEO plugin. -->","yoast_head_json":{"title":"Allergie aux acariens, quels sont les sympt\u00f4mes ? I Pistal","description":"Les sympt\u00f4mes de cette allergie sont respiratoires, oculaires et cutan\u00e9s. Pour limiter les r\u00e9actions allergiques ? Traitements, bonnes pratiques de nettoyage et produits Pistal.","robots":{"index":"index","follow":"follow","max-snippet":"max-snippet:-1","max-image-preview":"max-image-preview:large","max-video-preview":"max-video-preview:-1"},"canonical":"https:\/\/pistal.eu\/fr\/allergie-aux-acariens-quels-sont-les-symptomes\/","og_locale":"fr_FR","og_type":"article","og_title":"Allergie aux acariens, quels sont les sympt\u00f4mes ? I Pistal","og_description":"Les sympt\u00f4mes de cette allergie sont respiratoires, oculaires et cutan\u00e9s. Pour limiter les r\u00e9actions allergiques ? Traitements, bonnes pratiques de nettoyage et produits Pistal.","og_url":"https:\/\/pistal.eu\/fr\/allergie-aux-acariens-quels-sont-les-symptomes\/","og_site_name":"Pistal","article_published_time":"2025-06-20T10:02:03+00:00","article_modified_time":"2026-02-19T14:24:54+00:00","og_image":[{"width":2000,"height":1333,"url":"https:\/\/pistal.eu\/wp-content\/uploads\/2025\/06\/pistal_1_allergie_aux_acariens_FRFR.jpg","type":"image\/jpeg"}],"author":"AES030924","twitter_card":"summary_large_image","twitter_misc":{"\u00c9crit par":"AES030924","Dur\u00e9e de lecture estim\u00e9e":"7 minutes"},"schema":{"@context":"https:\/\/schema.org","@graph":[{"@type":"Article","@id":"https:\/\/pistal.eu\/fr\/allergie-aux-acariens-quels-sont-les-symptomes\/#article","isPartOf":{"@id":"https:\/\/pistal.eu\/fr\/allergie-aux-acariens-quels-sont-les-symptomes\/"},"author":{"name":"AES030924","@id":"https:\/\/pistal.eu\/#\/schema\/person\/4b4d2df803851fff9d521231fdd1d222"},"headline":"Allergie aux acariens, quels sont les sympt\u00f4mes ?","datePublished":"2025-06-20T10:02:03+00:00","dateModified":"2026-02-19T14:24:54+00:00","mainEntityOfPage":{"@id":"https:\/\/pistal.eu\/fr\/allergie-aux-acariens-quels-sont-les-symptomes\/"},"wordCount":2437,"publisher":{"@id":"https:\/\/pistal.eu\/#organization"},"image":{"@id":"https:\/\/pistal.eu\/fr\/allergie-aux-acariens-quels-sont-les-symptomes\/#primaryimage"},"thumbnailUrl":"https:\/\/pistal.eu\/wp-content\/uploads\/2025\/06\/pistal_1_allergie_aux_acariens_FRFR.jpg","articleSection":["Blog"],"inLanguage":"fr-FR"},{"@type":"WebPage","@id":"https:\/\/pistal.eu\/fr\/allergie-aux-acariens-quels-sont-les-symptomes\/","url":"https:\/\/pistal.eu\/fr\/allergie-aux-acariens-quels-sont-les-symptomes\/","name":"Allergie aux acariens, quels sont les sympt\u00f4mes ? I Pistal","isPartOf":{"@id":"https:\/\/pistal.eu\/#website"},"primaryImageOfPage":{"@id":"https:\/\/pistal.eu\/fr\/allergie-aux-acariens-quels-sont-les-symptomes\/#primaryimage"},"image":{"@id":"https:\/\/pistal.eu\/fr\/allergie-aux-acariens-quels-sont-les-symptomes\/#primaryimage"},"thumbnailUrl":"https:\/\/pistal.eu\/wp-content\/uploads\/2025\/06\/pistal_1_allergie_aux_acariens_FRFR.jpg","datePublished":"2025-06-20T10:02:03+00:00","dateModified":"2026-02-19T14:24:54+00:00","description":"Les sympt\u00f4mes de cette allergie sont respiratoires, oculaires et cutan\u00e9s. Pour limiter les r\u00e9actions allergiques ? Traitements, bonnes pratiques de nettoyage et produits Pistal.","breadcrumb":{"@id":"https:\/\/pistal.eu\/fr\/allergie-aux-acariens-quels-sont-les-symptomes\/#breadcrumb"},"inLanguage":"fr-FR","potentialAction":[{"@type":"ReadAction","target":["https:\/\/pistal.eu\/fr\/allergie-aux-acariens-quels-sont-les-symptomes\/"]}]},{"@type":"ImageObject","inLanguage":"fr-FR","@id":"https:\/\/pistal.eu\/fr\/allergie-aux-acariens-quels-sont-les-symptomes\/#primaryimage","url":"https:\/\/pistal.eu\/wp-content\/uploads\/2025\/06\/pistal_1_allergie_aux_acariens_FRFR.jpg","contentUrl":"https:\/\/pistal.eu\/wp-content\/uploads\/2025\/06\/pistal_1_allergie_aux_acariens_FRFR.jpg","width":2000,"height":1333},{"@type":"BreadcrumbList","@id":"https:\/\/pistal.eu\/fr\/allergie-aux-acariens-quels-sont-les-symptomes\/#breadcrumb","itemListElement":[{"@type":"ListItem","position":1,"name":"Accueil","item":"https:\/\/pistal.eu\/fr\/"},{"@type":"ListItem","position":2,"name":"Allergie aux acariens, quels sont les sympt\u00f4mes ?"}]},{"@type":"WebSite","@id":"https:\/\/pistal.eu\/#website","url":"https:\/\/pistal.eu\/","name":"Pistal","description":"De oplossing tegen insecten en luchtvervuiling binnenshuis op basis van natuurlijke ingredi\u00ebnten","publisher":{"@id":"https:\/\/pistal.eu\/#organization"},"potentialAction":[{"@type":"SearchAction","target":{"@type":"EntryPoint","urlTemplate":"https:\/\/pistal.eu\/?s={search_term_string}"},"query-input":{"@type":"PropertyValueSpecification","valueRequired":true,"valueName":"search_term_string"}}],"inLanguage":"fr-FR"},{"@type":"Organization","@id":"https:\/\/pistal.eu\/#organization","name":"Pistal","url":"https:\/\/pistal.eu\/","logo":{"@type":"ImageObject","inLanguage":"fr-FR","@id":"https:\/\/pistal.eu\/#\/schema\/logo\/image\/","url":"https:\/\/pistal.eu\/wp-content\/uploads\/2024\/09\/xlogo.png.pagespeed.ic_.1BiTicxL-j.png","contentUrl":"https:\/\/pistal.eu\/wp-content\/uploads\/2024\/09\/xlogo.png.pagespeed.ic_.1BiTicxL-j.png","width":126,"height":126,"caption":"Pistal"},"image":{"@id":"https:\/\/pistal.eu\/#\/schema\/logo\/image\/"}},{"@type":"Person","@id":"https:\/\/pistal.eu\/#\/schema\/person\/4b4d2df803851fff9d521231fdd1d222","name":"AES030924","sameAs":["https:\/\/pistal.eu"]}]}},"_links":{"self":[{"href":"https:\/\/pistal.eu\/fr\/wp-json\/wp\/v2\/posts\/287506","targetHints":{"allow":["GET"]}}],"collection":[{"href":"https:\/\/pistal.eu\/fr\/wp-json\/wp\/v2\/posts"}],"about":[{"href":"https:\/\/pistal.eu\/fr\/wp-json\/wp\/v2\/types\/post"}],"author":[{"embeddable":true,"href":"https:\/\/pistal.eu\/fr\/wp-json\/wp\/v2\/users\/1"}],"replies":[{"embeddable":true,"href":"https:\/\/pistal.eu\/fr\/wp-json\/wp\/v2\/comments?post=287506"}],"version-history":[{"count":13,"href":"https:\/\/pistal.eu\/fr\/wp-json\/wp\/v2\/posts\/287506\/revisions"}],"predecessor-version":[{"id":288510,"href":"https:\/\/pistal.eu\/fr\/wp-json\/wp\/v2\/posts\/287506\/revisions\/288510"}],"wp:featuredmedia":[{"embeddable":true,"href":"https:\/\/pistal.eu\/fr\/wp-json\/wp\/v2\/media\/287513"}],"wp:attachment":[{"href":"https:\/\/pistal.eu\/fr\/wp-json\/wp\/v2\/media?parent=287506"}],"wp:term":[{"taxonomy":"category","embeddable":true,"href":"https:\/\/pistal.eu\/fr\/wp-json\/wp\/v2\/categories?post=287506"},{"taxonomy":"post_tag","embeddable":true,"href":"https:\/\/pistal.eu\/fr\/wp-json\/wp\/v2\/tags?post=287506"}],"curies":[{"name":"wp","href":"https:\/\/api.w.org\/{rel}","templated":true}]}}